{"id":7257,"date":"2020-11-10T00:00:00","date_gmt":"2020-11-09T22:00:00","guid":{"rendered":"https:\/\/cbh.es\/pt\/a-amendoeira-ecologica-condicoes-e-cuidados-ideais\/"},"modified":"2022-05-02T11:13:41","modified_gmt":"2022-05-02T11:13:41","slug":"a-amendoeira-biologica-condicoes-e-cuidados-ideais","status":"publish","type":"post","link":"https:\/\/balam.es\/pt\/a-amendoeira-biologica-condicoes-e-cuidados-ideais\/","title":{"rendered":"A amendoeira biol\u00f3gica: condi\u00e7\u00f5es e cuidados ideais"},"content":{"rendered":"<p><!-- - wp: par\u00e1grafo ---><\/p>\n<p>A <strong> amendoeira biol\u00f3gica<\/strong>\u00a0\u00e9 uma das \u00e1rvores com melhores caracter\u00edsticas para o cultivo, independentemente de se fazer<strong> de forma ornamental ou produtiva<\/strong>.<\/p>\n<p><!-- - \/ wp: par\u00e1grafo ---><\/p>\n<p><!-- - wp: par\u00e1grafo ---><\/p>\n<p>Conhecer os <b> procedimentos para\u00a0<\/b><span style=\"font-weight: 600;\">cultivar<\/span><b>\u00a0<\/b>esta bonita \u00e1rvore, \u00e9 uma quest\u00e3o de ter acesso a alguns dados que ser\u00e3o de vital import\u00e2ncia, conhe\u00e7a-os da forma mais simples.<\/p>\n<p><!-- - \/ wp: par\u00e1grafo ---><\/p>\n<p><!-- - wp: par\u00e1grafo ---><\/p>\n<p>Uma \u00e1rvore de folhagem densa, t\u00edpica de regi\u00f5es com climas amenos, com <strong> frutos de alt\u00edssima qualidade <\/strong> e com um sabor imbat\u00edvel, atreva-se a cultiv\u00e1-la.<\/p>\n<p><!-- - \/ wp: par\u00e1grafo ---><\/p>\n<p><!-- - wp: par\u00e1grafo ---><\/p>\n<p>Neste artigo, contaremos-lhe todos os detalhes, para que descubra esta fant\u00e1stica \u00e1rvore e saiba <b> como\u00a0<\/b><span style=\"font-weight: 600;\">cuida-la<\/span><b>\u00a0e mant\u00ea-la <\/b>.<\/p>\n<p><!-- - \/ wp: par\u00e1grafo ---><\/p>\n<p><!-- - wp: t\u00edtulo ---><\/p>\n<h2><strong> Quais s\u00e3o as condi\u00e7\u00f5es ideais para o cultivo de amendoeiras biol\u00f3gicas? <\/strong><\/h2>\n<p><!-- - \/ wp: header ---><\/p>\n<p><!-- - wp: par\u00e1grafo ---><\/p>\n<p>Se decidiu ter uma destas \u00e1rvores magn\u00edficas no seu terreno, deve saber que, tal como qualquer outra planta, <strong>tem alguns requisitos <\/strong>.<\/p>\n<p><!-- - \/ wp: par\u00e1grafo ---><\/p>\n<p><!-- - wp: par\u00e1grafo ---><\/p>\n<p>Em primeiro lugar, trata-se de uma \u00e1rvore bastante r\u00fastica, portanto, pode ser cultivada em diferentes condi\u00e7\u00f5es clim\u00e1ticas, entre elas a mais recomendada, \u00e9 a de climas temperados.<\/p>\n<p><!-- - \/ wp: par\u00e1grafo ---><\/p>\n<p><!-- - wp: par\u00e1grafo ---><\/p>\n<p>Esta \u00e9 uma \u00e1rvore que facilmente se encontra em Espanha e nos Estados Unidos, pelas condi\u00e7\u00f5es clim\u00e1ticas encontradas em ambos os pa\u00edses.<\/p>\n<p><!-- - \/ wp: par\u00e1grafo ---><\/p>\n<p><!-- - wp: par\u00e1grafo ---><\/p>\n<p>Al\u00e9m disso, esta \u00e1rvore normalmente <strong> n\u00e3o \u00e9 muito produtiva no inverno<\/strong>, por isso \u00e9 aconselh\u00e1vel evitar temperaturas abaixo de 7 \u00b0 C.<\/p>\n<p><!-- - \/ wp: par\u00e1grafo ---><\/p>\n<p><!-- - wp: par\u00e1grafo ---><\/p>\n<p>Relativamente \u00e0 ilumina\u00e7\u00e3o, esta \u00e1rvore precisa de muito sol, e \u00e9 recomend\u00e1vel que <strong>esteja em campo aberto<\/strong>, garantindo que receba a quantidade de luz suficiente.<\/p>\n<p><!-- - \/ wp: par\u00e1grafo ---><\/p>\n<p><!-- - wp: par\u00e1grafo ---><\/p>\n<p>Este \u00e9 um <strong> fator muito importante<\/strong>, pois pode afetar toda a vida da \u00e1rvore, a baixa ilumina\u00e7\u00e3o diminuir\u00e1 a sua produ\u00e7\u00e3o e a vida \u00fatil.<\/p>\n<p><!-- - \/ wp: par\u00e1grafo ---><\/p>\n<p><!-- - wp: par\u00e1grafo ---><\/p>\n<p>Quando se fala em solo, a <strong> amendoeira biol\u00f3gica<\/strong>\u00a0precisa que seja mantido o mais biol\u00f3gico poss\u00edvel, ou seja, <strong> sem altera\u00e7\u00f5es<\/strong>.<\/p>\n<p><!-- - \/ wp: par\u00e1grafo ---><\/p>\n<p><!-- - wp: par\u00e1grafo ---><\/p>\n<p>Deve procurar que seja solto, bastante leve e, se poss\u00edvel, um pouco arenoso. Tudo isto ser\u00e1 importante para o <strong> crescimento ideal <\/strong>.<\/p>\n<p><!-- - \/ wp: par\u00e1grafo ---><\/p>\n<p><!-- - wp: par\u00e1grafo ---><\/p>\n<p><strong> Fertilizante ecol\u00f3gico da amendoeira no seu cultivo <\/strong><\/p>\n<p><!-- - \/ wp: par\u00e1grafo ---><\/p>\n<p><!-- - wp: par\u00e1grafo ---><\/p>\n<p>J\u00e1 referimos que se trata de uma \u00e1rvore com qualidades bastante r\u00fasticas, por isso, deve ter-se em mente alguns detalhes durante a sua <strong>fertiliza\u00e7\u00e3o<\/strong>.<\/p>\n<p><!-- - \/ wp: par\u00e1grafo ---><\/p>\n<p><!-- - wp: par\u00e1grafo ---><\/p>\n<p>Em primeiro lugar, deve saber que ao procurar um\u00a0<strong>cultivo biol\u00f3gico<\/strong>, o uso de mat\u00e9ria org\u00e2nica de diferentes tipos \u00e9 \u00fatil.<\/p>\n<p><!-- - \/ wp: par\u00e1grafo ---><\/p>\n<p><!-- - wp: par\u00e1grafo ---><\/p>\n<p>Recomenda-se que a fertiliza\u00e7\u00e3o desta \u00e1rvore seja feita antes do plantio, ou seja, colocar um pouco de composto ou at\u00e9 mesmo adubo, antes.<\/p>\n<p><!-- - \/ wp: par\u00e1grafo ---><\/p>\n<p><!-- - wp: par\u00e1grafo ---><\/p>\n<p>\u00c9 altamente recomend\u00e1vel que a maior contribui\u00e7\u00e3o de fertilizante seja feita durante o primeiro est\u00e1gio de crescimento, onde \u00e9 necess\u00e1ria uma maior quantidade de nutrientes.<\/p>\n<p><!-- - \/ wp: par\u00e1grafo ---><\/p>\n<p><!-- - wp: par\u00e1grafo ---><\/p>\n<p>Depois da \u00e1rvore atinge o seu est\u00e1gio adulto, \u00e9 recomendado apenas um pouco de composto, cerca de <strong> 3 a 4 kg por ano <\/strong>.<\/p>\n<p><!-- - \/ wp: par\u00e1grafo ---><\/p>\n<p><!-- - wp: par\u00e1grafo ---><\/p>\n<p>Tudo isto sempre agregado em redor do tronco, com bastante cuidado, para que as suas ra\u00edzes fiquem perfeitamente nutridas.<\/p>\n<p><!-- - \/ wp: par\u00e1grafo ---><\/p>\n<p><!-- - wp: t\u00edtulo ---><\/p>\n<h2><strong> De quanta \u00e1gua pode precisar uma amendoeira biol\u00f3gica? <\/strong><\/h2>\n<p><!-- - \/ wp: header ---><\/p>\n<p><!-- - wp: par\u00e1grafo ---><\/p>\n<p>Para a\u00a0<strong>amendoeira biol\u00f3gica,<\/strong>\u00a0s\u00e3o considerados dois tipos poss\u00edveis de hidrata\u00e7\u00e3o ou irriga\u00e7\u00e3o, sendo que o mais biol\u00f3gico seria o uso da chuva.<\/p>\n<p><!-- - \/ wp: par\u00e1grafo ---><\/p>\n<p><!-- - wp: par\u00e1grafo ---><\/p>\n<p>Mas na realidade recomenda-se que seja regado, de forma mais ou menos constante, embora seja <strong> capaz de suportar longos per\u00edodos sem l\u00edquido<\/strong>.<\/p>\n<p><!-- - \/ wp: par\u00e1grafo ---><\/p>\n<p><!-- - wp: par\u00e1grafo ---><\/p>\n<p>A diferen\u00e7a entre uma rega constante e uma baseada nas chuvas, \u00e9 que na primeira a \u00e1rvore floresce constantemente.<\/p>\n<p><!-- - \/ wp: par\u00e1grafo ---><\/p>\n<p><!-- - wp: par\u00e1grafo ---><\/p>\n<p>Tudo isto <strong> depender\u00e1 da inten\u00e7\u00e3o de plantio<\/strong>, se \u00e9 para cultivo familiar ou produtivo.<\/p>\n<p><!-- - \/ wp: par\u00e1grafo ---><\/p>\n<p><!-- - wp: par\u00e1grafo ---><\/p>\n<p>\u00c9 necess\u00e1rio <strong> manipular a rega com cuidado<\/strong>, pois trata-se de uma \u00e1rvore com capacidade radicular, portanto, ret\u00e9m muita \u00e1gua.<\/p>\n<p><!-- - \/ wp: par\u00e1grafo ---><\/p>\n<p><!-- - wp: par\u00e1grafo ---><\/p>\n<p>Quando \u00e9 fornecida muita \u00e1gua, pode come\u00e7ar a apodrecer devido ao aparecimento de fungos e outros agentes que acabar\u00e3o destruindo o tronco e galhos.<\/p>\n<p><!-- - \/ wp: par\u00e1grafo ---><\/p>\n<p><!-- - wp: t\u00edtulo ---><\/p>\n<h2><strong> Alguns dados para o cuidado da amendoeira do tipo Biol\u00f3gico<\/strong><\/h2>\n<p><!-- - \/ wp: header ---><\/p>\n<p><!-- - wp: par\u00e1grafo ---><\/p>\n<p>No momento de decidir plantar a sua <strong> amendoeira biol\u00f3gica<\/strong>\u00a0e ao procurar um crescimento saud\u00e1vel, deve considerar que existem algumas que devem ser muito bem cuidadas.<\/p>\n<p><!-- - \/ wp: par\u00e1grafo ---><\/p>\n<p><!-- - wp: par\u00e1grafo ---><\/p>\n<p>As esp\u00e9cies variam nas suas <strong> condi\u00e7\u00f5es de cultivo e sementeira<\/strong>, por isso ser\u00e1 prefer\u00edvel que procure aquela que melhor se adapta \u00e0 sua parcela de terreno.<\/p>\n<p><!-- - \/ wp: par\u00e1grafo ---><\/p>\n<p><!-- - wp: par\u00e1grafo ---><\/p>\n<p>Depois de escolhida a sua amendoeira, ser\u00e1 bom <strong> seme\u00e1-la da melhor forma poss\u00edvel<\/strong>. Como mencionamos anteriormente, isso \u00e9 importante.<\/p>\n<p><!-- - \/ wp: par\u00e1grafo ---><\/p>\n<p><!-- - wp: par\u00e1grafo ---><\/p>\n<p>Comece pela\u00a0<strong>prepara\u00e7\u00e3o do terreno<\/strong>, se for plantar esp\u00e9cies diferentes ser\u00e1 melhor faz\u00ea-lo com uma certa dist\u00e2ncia, para que n\u00e3o se combinem.<\/p>\n<p><!-- - \/ wp: par\u00e1grafo ---><\/p>\n<p><!-- - wp: par\u00e1grafo ---><\/p>\n<p>Considere que deve fertilizar o buraco muito bem, com uma boa quantidade de composto para que a \u00e1rvore receba <strong> nutrientes suficientes enquanto se adapta <\/strong>.<\/p>\n<p><!-- - \/ wp: par\u00e1grafo ---><\/p>\n<p><!-- - wp: par\u00e1grafo ---><\/p>\n<p>\u00c9 bom que aperte o solo ao terminar e regue, assim evita que fique ar entre as ra\u00edzes. A rega \u00e9 bastante prudente, pois ajuda a que raiz obtenha humidade suficiente nos primeiros dias.<\/p>\n<p><!-- - \/ wp: par\u00e1grafo ---><\/p>\n<p><!-- - wp: par\u00e1grafo ---><\/p>\n<p>Lembre-se que ser\u00e1 importante realizar um corte ou poda da forma\u00e7\u00e3o com certa periodicidade, para que a \u00e1rvore adquira forma.<\/p>\n<p><!-- - \/ wp: par\u00e1grafo ---><\/p>\n<p><!-- - wp: par\u00e1grafo ---><\/p>\n<p>Realize uma poda regular e manuseie sempre da mesma forma, para saber em que dire\u00e7\u00e3o a \u00e1rvore crescer\u00e1.<\/p>\n<p><!-- - \/ wp: par\u00e1grafo ---><\/p>\n<p><!-- - wp: par\u00e1grafo ---><\/p>\n<p>Cuide da sua <strong> amendoeira biol\u00f3gica<\/strong>\u00a0para obter os melhores frutos e preservar esta grande tradi\u00e7\u00e3o.<\/p>\n<p><!-- - \/ wp: par\u00e1grafo ---><\/p>\n","protected":false},"excerpt":{"rendered":"<p>A amendoeira biol\u00f3gica\u00a0\u00e9 uma das \u00e1rvores com melhores caracter\u00edsticas para o cultivo, independentemente de se fazer de forma ornamental ou produtiva. Conhecer os procedimentos para\u00a0cultivar\u00a0esta bonita \u00e1rvore, \u00e9 uma quest\u00e3o de ter acesso a alguns dados que ser\u00e3o de vital import\u00e2ncia, conhe\u00e7a-os da forma mais simples. Uma \u00e1rvore de folhagem densa, t\u00edpica de regi\u00f5es com [&hellip;]<\/p>\n","protected":false},"author":1,"featured_media":1308,"comment_status":"closed","ping_status":"open","sticky":false,"template":"","format":"standard","meta":{"_et_pb_use_builder":"","_et_pb_old_content":"","_et_gb_content_width":"","footnotes":""},"categories":[3],"tags":[],"class_list":["post-7257","post","type-post","status-publish","format-standard","has-post-thumbnail","hentry","category-blog"],"aioseo_notices":[],"_links":{"self":[{"href":"https:\/\/balam.es\/pt\/wp-json\/wp\/v2\/posts\/7257","targetHints":{"allow":["GET"]}}],"collection":[{"href":"https:\/\/balam.es\/pt\/wp-json\/wp\/v2\/posts"}],"about":[{"href":"https:\/\/balam.es\/pt\/wp-json\/wp\/v2\/types\/post"}],"author":[{"embeddable":true,"href":"https:\/\/balam.es\/pt\/wp-json\/wp\/v2\/users\/1"}],"replies":[{"embeddable":true,"href":"https:\/\/balam.es\/pt\/wp-json\/wp\/v2\/comments?post=7257"}],"version-history":[{"count":1,"href":"https:\/\/balam.es\/pt\/wp-json\/wp\/v2\/posts\/7257\/revisions"}],"predecessor-version":[{"id":9724,"href":"https:\/\/balam.es\/pt\/wp-json\/wp\/v2\/posts\/7257\/revisions\/9724"}],"wp:featuredmedia":[{"embeddable":true,"href":"https:\/\/balam.es\/pt\/wp-json\/wp\/v2\/media\/1308"}],"wp:attachment":[{"href":"https:\/\/balam.es\/pt\/wp-json\/wp\/v2\/media?parent=7257"}],"wp:term":[{"taxonomy":"category","embeddable":true,"href":"https:\/\/balam.es\/pt\/wp-json\/wp\/v2\/categories?post=7257"},{"taxonomy":"post_tag","embeddable":true,"href":"https:\/\/balam.es\/pt\/wp-json\/wp\/v2\/tags?post=7257"}],"curies":[{"name":"wp","href":"https:\/\/api.w.org\/{rel}","templated":true}]}}